{"id":208,"date":"2023-01-27T11:28:19","date_gmt":"2023-01-27T11:28:19","guid":{"rendered":"https:\/\/urbisana.com\/?p=208"},"modified":"2023-01-27T11:28:20","modified_gmt":"2023-01-27T11:28:20","slug":"ab-auf-die-matte","status":"publish","type":"post","link":"https:\/\/urbisana.com\/?p=208","title":{"rendered":"Ab auf die Matte"},"content":{"rendered":"\n<p>Am Donnerstag, den 27.01.2023 fand unsere interne Fortbildung zu den Themen entspannte Muskeln und Faszien, Dehnungen und Mobilit\u00e4t statt.<br>Unsere Therapeuten konnten viele neue und praktische Informationen und Anregungen sammeln, welche k\u00fcnftig in ihre Therapie mit einflie\u00dfen. <br><\/p>\n\n\n<style type=\"text\/css\">\n#foogallery-gallery-211 .fg-image { width: 150px; }\n#foogallery-gallery-211 { --fg-gutter: 10px; }<\/style>\n\t\t\t<div class=\"foogallery foogallery-container foogallery-default foogallery-lightbox-foobox fg-center fg-default fg-ready fg-light fg-border-thin fg-shadow-outline fg-loading-default fg-loaded-fade-in fg-caption-hover fg-hover-fade fg-hover-zoom\" id=\"foogallery-gallery-211\" data-foogallery=\"{&quot;item&quot;:{&quot;showCaptionTitle&quot;:true,&quot;showCaptionDescription&quot;:true},&quot;lazy&quot;:true}\" style=\"--fg-title-line-clamp: 0; --fg-description-line-clamp: 0;\" >\n\t<div class=\"fg-item fg-type-image fg-idle\"><figure class=\"fg-item-inner\"><a href=\"https:\/\/urbisana.com\/wp-content\/uploads\/2023\/01\/IMG-20230127-WA0000.jpg\" data-attachment-id=\"210\" data-type=\"image\" class=\"fg-thumb\"><span class=\"fg-image-wrap\"><img decoding=\"async\" width=\"150\" height=\"150\" class=\"skip-lazy fg-image\" data-src-fg=\"https:\/\/urbisana.com\/wp-content\/uploads\/cache\/2023\/01\/IMG-20230127-WA0000\/1241564835.jpg\" src=\"data:image\/svg+xml,%3Csvg%20xmlns%3D%22http%3A%2F%2Fwww.w3.org%2F2000%2Fsvg%22%20width%3D%22150%22%20height%3D%22150%22%20viewBox%3D%220%200%20150%20150%22%3E%3C%2Fsvg%3E\" loading=\"eager\"><\/span><span class=\"fg-image-overlay\"><\/span><\/a><\/figure><div class=\"fg-loader\"><\/div><\/div><div class=\"fg-item fg-type-image fg-idle\"><figure class=\"fg-item-inner\"><a href=\"https:\/\/urbisana.com\/wp-content\/uploads\/2023\/01\/IMG-20230127-WA0003.jpg\" data-attachment-id=\"207\" data-type=\"image\" class=\"fg-thumb\"><span class=\"fg-image-wrap\"><img decoding=\"async\" width=\"150\" height=\"150\" class=\"skip-lazy fg-image\" data-src-fg=\"https:\/\/urbisana.com\/wp-content\/uploads\/cache\/2023\/01\/IMG-20230127-WA0003\/1281150580.jpg\" src=\"data:image\/svg+xml,%3Csvg%20xmlns%3D%22http%3A%2F%2Fwww.w3.org%2F2000%2Fsvg%22%20width%3D%22150%22%20height%3D%22150%22%20viewBox%3D%220%200%20150%20150%22%3E%3C%2Fsvg%3E\" loading=\"eager\"><\/span><span class=\"fg-image-overlay\"><\/span><\/a><\/figure><div class=\"fg-loader\"><\/div><\/div><div class=\"fg-item fg-type-image fg-idle\"><figure class=\"fg-item-inner\"><a href=\"https:\/\/urbisana.com\/wp-content\/uploads\/2023\/01\/IMG-20230127-WA0002.jpg\" data-attachment-id=\"206\" data-type=\"image\" class=\"fg-thumb\"><span class=\"fg-image-wrap\"><img decoding=\"async\" width=\"150\" height=\"150\" class=\"skip-lazy fg-image\" data-src-fg=\"https:\/\/urbisana.com\/wp-content\/uploads\/cache\/2023\/01\/IMG-20230127-WA0002\/3566601586.jpg\" src=\"data:image\/svg+xml,%3Csvg%20xmlns%3D%22http%3A%2F%2Fwww.w3.org%2F2000%2Fsvg%22%20width%3D%22150%22%20height%3D%22150%22%20viewBox%3D%220%200%20150%20150%22%3E%3C%2Fsvg%3E\" loading=\"eager\"><\/span><span class=\"fg-image-overlay\"><\/span><\/a><\/figure><div class=\"fg-loader\"><\/div><\/div><\/div>\n","protected":false},"excerpt":{"rendered":"<p>Am Donnerstag, den 27.01.2023 fand unsere interne Fortbildung zu den Themen entspannte Muskeln und Faszien, Dehnungen und Mobilit\u00e4t statt.Unsere Therapeuten konnten viele neue und praktische Informationen und Anregungen sammeln, welche k\u00fcnftig in ihre Therapie mit einflie\u00dfen.<\/p>\n","protected":false},"author":1,"featured_media":0,"comment_status":"closed","ping_status":"closed","sticky":false,"template":"","format":"standard","meta":[],"categories":[1],"tags":[],"_links":{"self":[{"href":"https:\/\/urbisana.com\/index.php?rest_route=\/wp\/v2\/posts\/208"}],"collection":[{"href":"https:\/\/urbisana.com\/index.php?rest_route=\/wp\/v2\/posts"}],"about":[{"href":"https:\/\/urbisana.com\/index.php?rest_route=\/wp\/v2\/types\/post"}],"author":[{"embeddable":true,"href":"https:\/\/urbisana.com\/index.php?rest_route=\/wp\/v2\/users\/1"}],"replies":[{"embeddable":true,"href":"https:\/\/urbisana.com\/index.php?rest_route=%2Fwp%2Fv2%2Fcomments&post=208"}],"version-history":[{"count":2,"href":"https:\/\/urbisana.com\/index.php?rest_route=\/wp\/v2\/posts\/208\/revisions"}],"predecessor-version":[{"id":212,"href":"https:\/\/urbisana.com\/index.php?rest_route=\/wp\/v2\/posts\/208\/revisions\/212"}],"wp:attachment":[{"href":"https:\/\/urbisana.com\/index.php?rest_route=%2Fwp%2Fv2%2Fmedia&parent=208"}],"wp:term":[{"taxonomy":"category","embeddable":true,"href":"https:\/\/urbisana.com\/index.php?rest_route=%2Fwp%2Fv2%2Fcategories&post=208"},{"taxonomy":"post_tag","embeddable":true,"href":"https:\/\/urbisana.com\/index.php?rest_route=%2Fwp%2Fv2%2Ftags&post=208"}],"curies":[{"name":"wp","href":"https:\/\/api.w.org\/{rel}","templated":true}]}}